{"id":7944,"date":"2025-10-28T17:55:53","date_gmt":"2025-10-28T20:55:53","guid":{"rendered":"https:\/\/fepale.org\/site\/?p=7944"},"modified":"2025-10-30T13:52:09","modified_gmt":"2025-10-30T16:52:09","slug":"fepale-y-asoleche-de-colombia-se-unen-para-organizar-el-mayor-congreso-del-sector-lacteo-de-las-americas","status":"publish","type":"post","link":"https:\/\/fepale.org\/site\/2025\/10\/28\/fepale-y-asoleche-de-colombia-se-unen-para-organizar-el-mayor-congreso-del-sector-lacteo-de-las-americas\/","title":{"rendered":"FEPALE y ASOLECHE de Colombia se unen para organizar el mayor Congreso del Sector L\u00e1cteo de las Am\u00e9ricas"},"content":{"rendered":"\n<p>Del <strong>8 al 10 de julio de 2026<\/strong>, el <strong>Centro de Convenciones Plaza Mayor de Medell\u00edn (Colombia)<\/strong> ser\u00e1 sede del <strong>18 Congreso Panamericano de la Leche <\/strong>y el <strong>12 Congreso Internacional de la Industria L\u00e1ctea,<\/strong> uno de los encuentros m\u00e1s importantes del sector en Am\u00e9rica Latina, organizado por <strong>FEPALE<\/strong> y <strong>Asoleche<\/strong>.<\/p>\n\n\n\n<p><\/p>\n\n\n<div class=\"wp-block-image\">\n<figure class=\"aligncenter size-large\"><img loading=\"lazy\" decoding=\"async\" width=\"1024\" height=\"645\" src=\"https:\/\/fepale.org\/site\/wp-content\/uploads\/2025\/10\/bg_botella_leche_121554-1024x645.jpg\" alt=\"\" class=\"wp-image-7942\" srcset=\"https:\/\/fepale.org\/site\/wp-content\/uploads\/2025\/10\/bg_botella_leche_121554-1024x645.jpg 1024w, https:\/\/fepale.org\/site\/wp-content\/uploads\/2025\/10\/bg_botella_leche_121554-300x189.jpg 300w, https:\/\/fepale.org\/site\/wp-content\/uploads\/2025\/10\/bg_botella_leche_121554-768x483.jpg 768w, https:\/\/fepale.org\/site\/wp-content\/uploads\/2025\/10\/bg_botella_leche_121554-370x233.jpg 370w, https:\/\/fepale.org\/site\/wp-content\/uploads\/2025\/10\/bg_botella_leche_121554-270x170.jpg 270w, https:\/\/fepale.org\/site\/wp-content\/uploads\/2025\/10\/bg_botella_leche_121554-570x359.jpg 570w, https:\/\/fepale.org\/site\/wp-content\/uploads\/2025\/10\/bg_botella_leche_121554-740x466.jpg 740w, https:\/\/fepale.org\/site\/wp-content\/uploads\/2025\/10\/bg_botella_leche_121554.jpg 1166w\" sizes=\"auto, (max-width: 1024px) 100vw, 1024px\" \/><\/figure>\n<\/div>\n\n\n<p>El evento contar\u00e1 con la participaci\u00f3n de <strong>m\u00e1s de 1.200 asistentes<\/strong> entre productores, empresarios, acad\u00e9micos, autoridades y representantes de organismos internacionales, quienes se reunir\u00e1n para intercambiar conocimientos, experiencias y estrategias que impulsen la competitividad y sostenibilidad de la industria l\u00e1ctea en la regi\u00f3n.<\/p>\n\n\n\n<p>Durante <strong>dos jornadas centrales de congreso (8 y 9 de julio)<\/strong>, los participantes podr\u00e1n acceder a <strong>espacios de conocimiento y networking<\/strong>, con la presencia de <strong>destacados speakers nacionales e internacionales<\/strong>. Adem\u00e1s, se llevar\u00e1n a cabo <strong>workshops, foros t\u00e9cnicos y espacios comerciales<\/strong>, dise\u00f1ados para promover el di\u00e1logo entre todos los eslabones de la cadena l\u00e1ctea.<\/p>\n\n\n\n<p>El <strong>10 de julio<\/strong> se realizar\u00e1n las <strong>visitas a campo<\/strong>, una oportunidad \u00fanica para conocer de cerca las innovaciones en producci\u00f3n, procesamiento y sostenibilidad que est\u00e1n transformando al sector.<\/p>\n\n\n\n<p>Como antesala al evento, el <strong>7 de julio<\/strong> se celebrar\u00e1 la<strong> Reuni\u00f3n del Consejo Directivo<\/strong> de <strong>FEPALE<\/strong>, abierta a todos los miembros de la Federaci\u00f3n.<\/p>\n\n\n\n<p>El congreso se organiza a trav\u00e9s de <strong>comit\u00e9s especializados de contenidos, mercadeo y finanzas<\/strong>, encargados de definir la agenda tem\u00e1tica, la selecci\u00f3n de conferencistas, las tarifas y los esquemas de patrocinio.<\/p>\n\n\n\n<p>\ud83d\udc49 M\u00e1s informaci\u00f3n y registro en: <a>www.asoleche.org<\/a> | <a>www.fepale.org<\/a><\/p>\n\n\n\n<figure class=\"wp-block-embed is-type-video is-provider-youtube wp-block-embed-youtube wp-embed-aspect-16-9 wp-has-aspect-ratio\"><div class=\"wp-block-embed__wrapper\">\n<iframe loading=\"lazy\" title=\"FEPALE y ASOLECHE de Colombia se unen para organizar el Congreso del Sector L\u00e1cteo\u00a0de\u00a0las\u00a0Am\u00e9ricas\" width=\"770\" height=\"433\" src=\"https:\/\/www.youtube.com\/embed\/ZYfhEfWd-TM?feature=oembed\" frameborder=\"0\" allow=\"accelerometer; autoplay; clipboard-write; encrypted-media; gyroscope; picture-in-picture; web-share\" referrerpolicy=\"strict-origin-when-cross-origin\" allowfullscreen><\/iframe>\n<\/div><\/figure>\n","protected":false},"excerpt":{"rendered":"<p>Del 8 al 10 de julio de 2026, el Centro de Convenciones Plaza Mayor de Medell\u00edn (Colombia) ser\u00e1 sede del 18 Congreso Panamericano de la Leche y el 12 Congreso Internacional de la Industria L\u00e1ctea, uno de los encuentros m\u00e1s importantes del sector en Am\u00e9rica Latina, organizado por FEPALE y Asoleche. El evento contar\u00e1 con [&hellip;]<\/p>\n","protected":false},"author":1,"featured_media":7950,"comment_status":"closed","ping_status":"closed","sticky":false,"template":"","format":"standard","meta":{"qubely_global_settings":"","qubely_interactions":"","_uag_custom_page_level_css":"","kk_blocks_editor_width":"","_kiokenblocks_attr":"","_kiokenblocks_dimensions":"","footnotes":""},"categories":[6],"tags":[],"class_list":["post-7944","post","type-post","status-publish","format-standard","has-post-thumbnail","hentry","category-eventos"],"gutentor_comment":0,"qubely_featured_image_url":{"full":["https:\/\/fepale.org\/site\/wp-content\/uploads\/2025\/10\/666554412012247.jpg",1389,786,false],"landscape":["https:\/\/fepale.org\/site\/wp-content\/uploads\/2025\/10\/666554412012247-1200x750.jpg",1200,750,true],"portraits":["https:\/\/fepale.org\/site\/wp-content\/uploads\/2025\/10\/666554412012247-540x320.jpg",540,320,true],"thumbnail":["https:\/\/fepale.org\/site\/wp-content\/uploads\/2025\/10\/666554412012247-150x150.jpg",150,150,true],"medium":["https:\/\/fepale.org\/site\/wp-content\/uploads\/2025\/10\/666554412012247-300x170.jpg",300,170,true],"medium_large":["https:\/\/fepale.org\/site\/wp-content\/uploads\/2025\/10\/666554412012247-768x435.jpg",768,435,true],"large":["https:\/\/fepale.org\/site\/wp-content\/uploads\/2025\/10\/666554412012247-1024x579.jpg",770,435,true],"1536x1536":["https:\/\/fepale.org\/site\/wp-content\/uploads\/2025\/10\/666554412012247.jpg",1389,786,false],"2048x2048":["https:\/\/fepale.org\/site\/wp-content\/uploads\/2025\/10\/666554412012247.jpg",1389,786,false],"qubely_landscape":["https:\/\/fepale.org\/site\/wp-content\/uploads\/2025\/10\/666554412012247-1200x750.jpg",1200,750,true],"qubely_portrait":["https:\/\/fepale.org\/site\/wp-content\/uploads\/2025\/10\/666554412012247-540x320.jpg",540,320,true],"qubely_thumbnail":["https:\/\/fepale.org\/site\/wp-content\/uploads\/2025\/10\/666554412012247-140x100.jpg",140,100,true],"gridlove-a4":["https:\/\/fepale.org\/site\/wp-content\/uploads\/2025\/10\/666554412012247-370x150.jpg",370,150,true],"gridlove-a4-orig":["https:\/\/fepale.org\/site\/wp-content\/uploads\/2025\/10\/666554412012247-370x209.jpg",370,209,true],"gridlove-a3-orig":["https:\/\/fepale.org\/site\/wp-content\/uploads\/2025\/10\/666554412012247-270x153.jpg",270,153,true],"gridlove-b6":["https:\/\/fepale.org\/site\/wp-content\/uploads\/2025\/10\/666554412012247-285x300.jpg",285,300,true],"gridlove-b7":["https:\/\/fepale.org\/site\/wp-content\/uploads\/2025\/10\/666554412012247-335x300.jpg",335,300,true],"gridlove-b8":["https:\/\/fepale.org\/site\/wp-content\/uploads\/2025\/10\/666554412012247-385x300.jpg",385,300,true],"gridlove-b9":["https:\/\/fepale.org\/site\/wp-content\/uploads\/2025\/10\/666554412012247-435x300.jpg",435,300,true],"gridlove-b12":["https:\/\/fepale.org\/site\/wp-content\/uploads\/2025\/10\/666554412012247-585x300.jpg",585,300,true],"gridlove-d3":["https:\/\/fepale.org\/site\/wp-content\/uploads\/2025\/10\/666554412012247-270x300.jpg",270,300,true],"gridlove-d3-orig":["https:\/\/fepale.org\/site\/wp-content\/uploads\/2025\/10\/666554412012247-270x153.jpg",270,153,true],"gridlove-d4":["https:\/\/fepale.org\/site\/wp-content\/uploads\/2025\/10\/666554412012247-370x300.jpg",370,300,true],"gridlove-d4-orig":["https:\/\/fepale.org\/site\/wp-content\/uploads\/2025\/10\/666554412012247-370x209.jpg",370,209,true],"gridlove-d5":["https:\/\/fepale.org\/site\/wp-content\/uploads\/2025\/10\/666554412012247-470x300.jpg",470,300,true],"gridlove-d6":["https:\/\/fepale.org\/site\/wp-content\/uploads\/2025\/10\/666554412012247-570x300.jpg",570,300,true],"gridlove-d6-orig":["https:\/\/fepale.org\/site\/wp-content\/uploads\/2025\/10\/666554412012247-570x323.jpg",570,323,true],"gridlove-cover":["https:\/\/fepale.org\/site\/wp-content\/uploads\/2025\/10\/666554412012247-1200x400.jpg",1200,400,true],"gridlove-single":["https:\/\/fepale.org\/site\/wp-content\/uploads\/2025\/10\/666554412012247-740x419.jpg",740,419,true],"gridlove-thumbnail":["https:\/\/fepale.org\/site\/wp-content\/uploads\/2025\/10\/666554412012247-80x60.jpg",80,60,true]},"qubely_author":{"display_name":"PabloQ","author_link":"https:\/\/fepale.org\/site\/author\/pabloq\/"},"qubely_comment":0,"qubely_category":"<a href=\"https:\/\/fepale.org\/site\/category\/eventos\/\" rel=\"category tag\">EVENTOS<\/a>","qubely_excerpt":"Del 8 al 10 de julio de 2026, el Centro de Convenciones Plaza Mayor de Medell\u00edn (Colombia) ser\u00e1 sede del 18 Congreso Panamericano de la Leche y el 12 Congreso Internacional de la Industria L\u00e1ctea, uno de los encuentros m\u00e1s importantes del sector en Am\u00e9rica Latina, organizado por FEPALE y Asoleche. El evento contar\u00e1 con&hellip;","featured_image_urls_v2":{"full":["https:\/\/fepale.org\/site\/wp-content\/uploads\/2025\/10\/666554412012247.jpg",1389,786,false],"thumbnail":["https:\/\/fepale.org\/site\/wp-content\/uploads\/2025\/10\/666554412012247-150x150.jpg",150,150,true],"medium":["https:\/\/fepale.org\/site\/wp-content\/uploads\/2025\/10\/666554412012247-300x170.jpg",300,170,true],"medium_large":["https:\/\/fepale.org\/site\/wp-content\/uploads\/2025\/10\/666554412012247-768x435.jpg",768,435,true],"large":["https:\/\/fepale.org\/site\/wp-content\/uploads\/2025\/10\/666554412012247-1024x579.jpg",770,435,true],"1536x1536":["https:\/\/fepale.org\/site\/wp-content\/uploads\/2025\/10\/666554412012247.jpg",1389,786,false],"2048x2048":["https:\/\/fepale.org\/site\/wp-content\/uploads\/2025\/10\/666554412012247.jpg",1389,786,false],"qubely_landscape":["https:\/\/fepale.org\/site\/wp-content\/uploads\/2025\/10\/666554412012247-1200x750.jpg",1200,750,true],"qubely_portrait":["https:\/\/fepale.org\/site\/wp-content\/uploads\/2025\/10\/666554412012247-540x320.jpg",540,320,true],"qubely_thumbnail":["https:\/\/fepale.org\/site\/wp-content\/uploads\/2025\/10\/666554412012247-140x100.jpg",140,100,true],"gridlove-a4":["https:\/\/fepale.org\/site\/wp-content\/uploads\/2025\/10\/666554412012247-370x150.jpg",370,150,true],"gridlove-a4-orig":["https:\/\/fepale.org\/site\/wp-content\/uploads\/2025\/10\/666554412012247-370x209.jpg",370,209,true],"gridlove-a3-orig":["https:\/\/fepale.org\/site\/wp-content\/uploads\/2025\/10\/666554412012247-270x153.jpg",270,153,true],"gridlove-b6":["https:\/\/fepale.org\/site\/wp-content\/uploads\/2025\/10\/666554412012247-285x300.jpg",285,300,true],"gridlove-b7":["https:\/\/fepale.org\/site\/wp-content\/uploads\/2025\/10\/666554412012247-335x300.jpg",335,300,true],"gridlove-b8":["https:\/\/fepale.org\/site\/wp-content\/uploads\/2025\/10\/666554412012247-385x300.jpg",385,300,true],"gridlove-b9":["https:\/\/fepale.org\/site\/wp-content\/uploads\/2025\/10\/666554412012247-435x300.jpg",435,300,true],"gridlove-b12":["https:\/\/fepale.org\/site\/wp-content\/uploads\/2025\/10\/666554412012247-585x300.jpg",585,300,true],"gridlove-d3":["https:\/\/fepale.org\/site\/wp-content\/uploads\/2025\/10\/666554412012247-270x300.jpg",270,300,true],"gridlove-d3-orig":["https:\/\/fepale.org\/site\/wp-content\/uploads\/2025\/10\/666554412012247-270x153.jpg",270,153,true],"gridlove-d4":["https:\/\/fepale.org\/site\/wp-content\/uploads\/2025\/10\/666554412012247-370x300.jpg",370,300,true],"gridlove-d4-orig":["https:\/\/fepale.org\/site\/wp-content\/uploads\/2025\/10\/666554412012247-370x209.jpg",370,209,true],"gridlove-d5":["https:\/\/fepale.org\/site\/wp-content\/uploads\/2025\/10\/666554412012247-470x300.jpg",470,300,true],"gridlove-d6":["https:\/\/fepale.org\/site\/wp-content\/uploads\/2025\/10\/666554412012247-570x300.jpg",570,300,true],"gridlove-d6-orig":["https:\/\/fepale.org\/site\/wp-content\/uploads\/2025\/10\/666554412012247-570x323.jpg",570,323,true],"gridlove-cover":["https:\/\/fepale.org\/site\/wp-content\/uploads\/2025\/10\/666554412012247-1200x400.jpg",1200,400,true],"gridlove-single":["https:\/\/fepale.org\/site\/wp-content\/uploads\/2025\/10\/666554412012247-740x419.jpg",740,419,true],"gridlove-thumbnail":["https:\/\/fepale.org\/site\/wp-content\/uploads\/2025\/10\/666554412012247-80x60.jpg",80,60,true]},"post_excerpt_stackable_v2":"<p>Del 8 al 10 de julio de 2026, el Centro de Convenciones Plaza Mayor de Medell\u00edn (Colombia) ser\u00e1 sede del 18 Congreso Panamericano de la Leche y el 12 Congreso Internacional de la Industria L\u00e1ctea, uno de los encuentros m\u00e1s importantes del sector en Am\u00e9rica Latina, organizado por FEPALE y Asoleche. El evento contar\u00e1 con la participaci\u00f3n de m\u00e1s de 1.200 asistentes entre productores, empresarios, acad\u00e9micos, autoridades y representantes de organismos internacionales, quienes se reunir\u00e1n para intercambiar conocimientos, experiencias y estrategias que impulsen la competitividad y sostenibilidad de la industria l\u00e1ctea en la regi\u00f3n. Durante dos jornadas centrales de congreso&hellip;<\/p>\n","category_list_v2":"<a href=\"https:\/\/fepale.org\/site\/category\/eventos\/\" rel=\"category tag\">EVENTOS<\/a>","author_info_v2":{"name":"PabloQ","url":"https:\/\/fepale.org\/site\/author\/pabloq\/"},"comments_num_v2":"0 comentarios","uagb_featured_image_src":{"full":["https:\/\/fepale.org\/site\/wp-content\/uploads\/2025\/10\/666554412012247.jpg",1389,786,false],"thumbnail":["https:\/\/fepale.org\/site\/wp-content\/uploads\/2025\/10\/666554412012247-150x150.jpg",150,150,true],"medium":["https:\/\/fepale.org\/site\/wp-content\/uploads\/2025\/10\/666554412012247-300x170.jpg",300,170,true],"medium_large":["https:\/\/fepale.org\/site\/wp-content\/uploads\/2025\/10\/666554412012247-768x435.jpg",768,435,true],"large":["https:\/\/fepale.org\/site\/wp-content\/uploads\/2025\/10\/666554412012247-1024x579.jpg",770,435,true],"1536x1536":["https:\/\/fepale.org\/site\/wp-content\/uploads\/2025\/10\/666554412012247.jpg",1389,786,false],"2048x2048":["https:\/\/fepale.org\/site\/wp-content\/uploads\/2025\/10\/666554412012247.jpg",1389,786,false],"qubely_landscape":["https:\/\/fepale.org\/site\/wp-content\/uploads\/2025\/10\/666554412012247-1200x750.jpg",1200,750,true],"qubely_portrait":["https:\/\/fepale.org\/site\/wp-content\/uploads\/2025\/10\/666554412012247-540x320.jpg",540,320,true],"qubely_thumbnail":["https:\/\/fepale.org\/site\/wp-content\/uploads\/2025\/10\/666554412012247-140x100.jpg",140,100,true],"gridlove-a4":["https:\/\/fepale.org\/site\/wp-content\/uploads\/2025\/10\/666554412012247-370x150.jpg",370,150,true],"gridlove-a4-orig":["https:\/\/fepale.org\/site\/wp-content\/uploads\/2025\/10\/666554412012247-370x209.jpg",370,209,true],"gridlove-a3-orig":["https:\/\/fepale.org\/site\/wp-content\/uploads\/2025\/10\/666554412012247-270x153.jpg",270,153,true],"gridlove-b6":["https:\/\/fepale.org\/site\/wp-content\/uploads\/2025\/10\/666554412012247-285x300.jpg",285,300,true],"gridlove-b7":["https:\/\/fepale.org\/site\/wp-content\/uploads\/2025\/10\/666554412012247-335x300.jpg",335,300,true],"gridlove-b8":["https:\/\/fepale.org\/site\/wp-content\/uploads\/2025\/10\/666554412012247-385x300.jpg",385,300,true],"gridlove-b9":["https:\/\/fepale.org\/site\/wp-content\/uploads\/2025\/10\/666554412012247-435x300.jpg",435,300,true],"gridlove-b12":["https:\/\/fepale.org\/site\/wp-content\/uploads\/2025\/10\/666554412012247-585x300.jpg",585,300,true],"gridlove-d3":["https:\/\/fepale.org\/site\/wp-content\/uploads\/2025\/10\/666554412012247-270x300.jpg",270,300,true],"gridlove-d3-orig":["https:\/\/fepale.org\/site\/wp-content\/uploads\/2025\/10\/666554412012247-270x153.jpg",270,153,true],"gridlove-d4":["https:\/\/fepale.org\/site\/wp-content\/uploads\/2025\/10\/666554412012247-370x300.jpg",370,300,true],"gridlove-d4-orig":["https:\/\/fepale.org\/site\/wp-content\/uploads\/2025\/10\/666554412012247-370x209.jpg",370,209,true],"gridlove-d5":["https:\/\/fepale.org\/site\/wp-content\/uploads\/2025\/10\/666554412012247-470x300.jpg",470,300,true],"gridlove-d6":["https:\/\/fepale.org\/site\/wp-content\/uploads\/2025\/10\/666554412012247-570x300.jpg",570,300,true],"gridlove-d6-orig":["https:\/\/fepale.org\/site\/wp-content\/uploads\/2025\/10\/666554412012247-570x323.jpg",570,323,true],"gridlove-cover":["https:\/\/fepale.org\/site\/wp-content\/uploads\/2025\/10\/666554412012247-1200x400.jpg",1200,400,true],"gridlove-single":["https:\/\/fepale.org\/site\/wp-content\/uploads\/2025\/10\/666554412012247-740x419.jpg",740,419,true],"gridlove-thumbnail":["https:\/\/fepale.org\/site\/wp-content\/uploads\/2025\/10\/666554412012247-80x60.jpg",80,60,true]},"uagb_author_info":{"display_name":"PabloQ","author_link":"https:\/\/fepale.org\/site\/author\/pabloq\/"},"uagb_comment_info":0,"uagb_excerpt":"Del 8 al 10 de julio de 2026, el Centro de Convenciones Plaza Mayor de Medell\u00edn (Colombia) ser\u00e1 sede del 18 Congreso Panamericano de la Leche y el 12 Congreso Internacional de la Industria L\u00e1ctea, uno de los encuentros m\u00e1s importantes del sector en Am\u00e9rica Latina, organizado por FEPALE y Asoleche. El evento contar\u00e1 con&hellip;","_links":{"self":[{"href":"https:\/\/fepale.org\/site\/wp-json\/wp\/v2\/posts\/7944","targetHints":{"allow":["GET"]}}],"collection":[{"href":"https:\/\/fepale.org\/site\/wp-json\/wp\/v2\/posts"}],"about":[{"href":"https:\/\/fepale.org\/site\/wp-json\/wp\/v2\/types\/post"}],"author":[{"embeddable":true,"href":"https:\/\/fepale.org\/site\/wp-json\/wp\/v2\/users\/1"}],"replies":[{"embeddable":true,"href":"https:\/\/fepale.org\/site\/wp-json\/wp\/v2\/comments?post=7944"}],"version-history":[{"count":9,"href":"https:\/\/fepale.org\/site\/wp-json\/wp\/v2\/posts\/7944\/revisions"}],"predecessor-version":[{"id":7958,"href":"https:\/\/fepale.org\/site\/wp-json\/wp\/v2\/posts\/7944\/revisions\/7958"}],"wp:featuredmedia":[{"embeddable":true,"href":"https:\/\/fepale.org\/site\/wp-json\/wp\/v2\/media\/7950"}],"wp:attachment":[{"href":"https:\/\/fepale.org\/site\/wp-json\/wp\/v2\/media?parent=7944"}],"wp:term":[{"taxonomy":"category","embeddable":true,"href":"https:\/\/fepale.org\/site\/wp-json\/wp\/v2\/categories?post=7944"},{"taxonomy":"post_tag","embeddable":true,"href":"https:\/\/fepale.org\/site\/wp-json\/wp\/v2\/tags?post=7944"}],"curies":[{"name":"wp","href":"https:\/\/api.w.org\/{rel}","templated":true}]}}