{"id":7425,"date":"2024-09-06T13:26:06","date_gmt":"2024-09-06T16:26:06","guid":{"rendered":"https:\/\/fepale.org\/site\/?p=7425"},"modified":"2024-09-10T12:51:05","modified_gmt":"2024-09-10T15:51:05","slug":"se-realizo-con-gran-exito-el-17-congreso-panamericano-de-la-leche-en-panama","status":"publish","type":"post","link":"https:\/\/fepale.org\/site\/2024\/09\/06\/se-realizo-con-gran-exito-el-17-congreso-panamericano-de-la-leche-en-panama\/","title":{"rendered":"Se realiz\u00f3 con gran \u00e9xito el 17\u00b0 Congreso Panamericano de la Leche en Panam\u00e1"},"content":{"rendered":"\n<p><strong>Se realiz\u00f3 con gran \u00e9xito el 17\u00b0 Congreso Panamericano de la Leche en Panam\u00e1<\/strong><\/p>\n\n\n\n<p>Entre los d\u00edas 28 al 30 de agosto se realiz\u00f3 la 17 edici\u00f3n del Congreso Panamericano de la Leche, el cual tuvo como sede a la Ciudad de Panam\u00e1, el mismo fue organizador por FEPALE, ANAPROLE y el Comit\u00e9 de FEPALE en Panam\u00e1 integrado por Ministerio de Desarrollo Agropecuario MIDA, Industrias L\u00e1cteas S.A. (Estrella Azul), Sociedad de Alimentos de Primera BONLAC y Productos Nevada.<\/p>\n\n\n\n<div id=\"section-g-7hy56aa\" class=\"wp-block-gutentor-e6 section-g-7hy56aa gutentor-element gutentor-element-image\"><div class=\"gutentor-element-image-box\"><div class=\"gutentor-image-thumb\"><img decoding=\"async\" class=\"normal-image\" src=\"https:\/\/fepale.org\/site\/wp-content\/uploads\/2024\/09\/F_F00581.jpg\"\/><\/div><\/div><\/div>\n\n\n\n<p>En la ocasi\u00f3n se congregaron mas de 450 congresistas representando a delegaciones de 30 pa\u00edses, los cuales asistieron a un programa de 25 conferencias y paneles con destacados especialistas a nivel internacional donde se abordaron los temas mas actuales que hacen al sector lechero, como los desaf\u00edos de los mercados, la sustentabilidad, la innovaci\u00f3n, las pol\u00edticas lecheras, la incorporaci\u00f3n de nuevas tecnolog\u00edas, las tendencias del consumo, los aportes de los l\u00e1cteos a la salud humana, la inteligencia h\u00edbrida, asi como las novedades en temas mas tradicionales como nutrici\u00f3n, sanidad, bienestar animal, gen\u00e9tica.<\/p>\n\n\n\n<div id=\"section-g-ma9md8m\" class=\"wp-block-gutentor-e6 section-g-ma9md8m gutentor-element gutentor-element-image\"><div class=\"gutentor-element-image-box\"><div class=\"gutentor-image-thumb\"><img decoding=\"async\" class=\"normal-image\" src=\"https:\/\/fepale.org\/site\/wp-content\/uploads\/2024\/09\/F_F00329.jpg\"\/><\/div><\/div><\/div>\n\n\n\n<p>El evento fue inaugurado por el Ministro de Desarrollo Agropecuario de Panam\u00e1 Roberto Linares, el Presidente de FEPALE Eduardo Schwerter y la Presidenta de ANAPROLE Natzare Bermudez, quienes destacaron la importante de promover este tipo de encuentros especialmente en el entorno del sector l\u00e1cteo el cual es una cadena agroindustrial sumamente integrada y que genera desarrollo local, aporta a la econom\u00eda, promueve la sustentabilidad y pone a disposici\u00f3n el producto base de nuestra alimentaci\u00f3n.<\/p>\n\n\n\n<p>El programa de conferencia cont\u00f3 con los especialistas y analistas mas destacados a nivel internacional, regional y nacional como el Presidente de FEPALE y de la FIL (Piercristiano Barzzale), el Director General del IICA (Manuel Otero), por parte de la Global Dairy Platfrom (Donald Moore) y el Dairy Sustainability Framework (Brian Lindsay), la Universidad de California Davies (Frank Mitloehner), as\u00ed como con la Directora General de FIL (Laurence Rycken), tambien Andres Padilla representando al Rabobank, Luis Santamar\u00eda de Tetrapak y Nick Gardner de USDEC.<\/p>\n\n\n\n<div id=\"section-g-rp0basr\" class=\"wp-block-gutentor-e6 section-g-rp0basr gutentor-element gutentor-element-image\"><div class=\"gutentor-element-image-box\"><div class=\"gutentor-image-thumb\"><img decoding=\"async\" class=\"normal-image\" src=\"https:\/\/fepale.org\/site\/wp-content\/uploads\/2024\/09\/WhatsApp-Image-2024-09-06-at-1.28.22-PM.jpeg\"\/><\/div><\/div><\/div>\n\n\n\n<p>Adem\u00e1s se cont\u00f3 con diversas modalidades de presentaciones, como paneles t\u00e9cnicos, presentaci\u00f3n de experiencias, innovaciones e investigaciones,y adem\u00e1s se realiz\u00f3 un reconocimiento al Programa de Alimentaci\u00f3n Complementaria Escolar de Panam\u00e1, donde la leche es protagonista del mismo, el cual fue recibido por Gilda Montenegro.<\/p>\n\n\n\n<div id=\"section-g-nzngyes\" class=\"wp-block-gutentor-e6 section-g-nzngyes gutentor-element gutentor-element-image\"><div class=\"gutentor-element-image-box\"><div class=\"gutentor-image-thumb\"><img decoding=\"async\" class=\"normal-image\" src=\"https:\/\/fepale.org\/site\/wp-content\/uploads\/2024\/09\/Meduca_Panama-scaled.jpg\"\/><\/div><\/div><\/div>\n\n\n\n<p>El programa completo se puede ver en:&nbsp;<a href=\"http:\/\/www.congresofepale.com\/\" target=\"_blank\" rel=\"noreferrer noopener\">www.congresofepale.com<\/a><\/p>\n\n\n\n<p>En la oportunidad fue presentado el libro editado por FEPALE denominado \u201cL\u00e1cteos y Salud, entre mitos y ciencia\u201d.<\/p>\n\n\n\n<p>En forma previa al congreso, tambi\u00e9n se realizaron destacados eventos sectoriales como la Asamblea General Anual de FEPALE y la reuni\u00f3n anual de la FECALAC (Federaci\u00f3n Centroamericana del Sector L\u00e1cteo).<\/p>\n\n\n\n<div id=\"section-g-1ss1xrs\" class=\"wp-block-gutentor-e6 section-g-1ss1xrs gutentor-element gutentor-element-image\"><div class=\"gutentor-element-image-box\"><div class=\"gutentor-image-thumb\"><img decoding=\"async\" class=\"normal-image\" src=\"https:\/\/fepale.org\/site\/wp-content\/uploads\/2024\/09\/F_F01049.jpg\"\/><\/div><\/div><\/div>\n\n\n\n<p>Al d\u00eda siguiente de la finalizaci\u00f3n del Congreso los asistentes pudieron disfrutar de dos itinerarios de visitas t\u00e9cnicas donde se pudo conocer ejemplos de \u00e9xito en la producci\u00f3n l\u00e1ctea de Panam\u00e1 (Finca Chispita y Finca La Table\u00f1ita) asi como plantas industriales (Estrella Azul) y emprendimientos industriales\/gastron\u00f3micos vinculados a la producci\u00f3n de quesos (Quesos Chela).<\/p>\n\n\n\n<div id=\"section-g-9t6a77e\" class=\"wp-block-gutentor-e6 section-g-9t6a77e gutentor-element gutentor-element-image\"><div class=\"gutentor-element-image-box\"><div class=\"gutentor-image-thumb\"><img decoding=\"async\" class=\"normal-image\" src=\"https:\/\/fepale.org\/site\/wp-content\/uploads\/2024\/09\/IMG-20240831-WA0043.jpg\"\/><\/div><\/div><\/div>\n\n\n\n<p>El Congreso incluy\u00f3 adem\u00e1s una expo comercial \/ industrial que cont\u00f3 con mas de 30 stands y expositores.<\/p>\n\n\n\n<p>Como es habitual tambi\u00e9n hubo espacio para eventos sociales, donde el ambiente de camarader\u00eda habitual se vio reflejado entre los asistentes, asi como momentos de generrl lazos, redes y contactos entre colegas.<\/p>\n\n\n\n<p>La delegaci\u00f3n de Colombia, representada por Asoleche, present\u00f3 e invit\u00f3 a lo que ser\u00e1 la 18 edici\u00f3n del Congreso Panamericano de la Leche que se realizar\u00e1 en la ciudad de Medell\u00edn en 2026.<\/p>\n\n\n\n<p><strong>Galer\u00eda del Evento Aqu\u00ed: <a href=\"https:\/\/fepale.org\/site\/2024\/09\/09\/17-congreso-panamericano-de-la-leche-2024-panama\/\">https:\/\/fepale.org\/site\/2024\/09\/09\/17-congreso-panamericano-de-la-leche-2024-panama\/<\/a><\/strong><\/p>\n\n\n\n<p><\/p>\n","protected":false},"excerpt":{"rendered":"<p>Se realiz\u00f3 con gran \u00e9xito el 17\u00b0 Congreso Panamericano de la Leche en Panam\u00e1 Entre los d\u00edas 28 al 30 de agosto se realiz\u00f3 la 17 edici\u00f3n del Congreso Panamericano de la Leche, el cual tuvo como sede a la Ciudad de Panam\u00e1, el mismo fue organizador por FEPALE, ANAPROLE y el Comit\u00e9 de FEPALE [&hellip;]<\/p>\n","protected":false},"author":2,"featured_media":7426,"comment_status":"closed","ping_status":"closed","sticky":false,"template":"","format":"standard","meta":{"qubely_global_settings":"","qubely_interactions":"","_uag_custom_page_level_css":"","kk_blocks_editor_width":"","_kiokenblocks_attr":"","_kiokenblocks_dimensions":"","footnotes":""},"categories":[6],"tags":[],"class_list":["post-7425","post","type-post","status-publish","format-standard","has-post-thumbnail","hentry","category-eventos"],"gutentor_comment":0,"qubely_featured_image_url":{"full":["https:\/\/fepale.org\/site\/wp-content\/uploads\/2024\/09\/F_F00329.jpg",1280,853,false],"landscape":["https:\/\/fepale.org\/site\/wp-content\/uploads\/2024\/09\/F_F00329-1200x750.jpg",1200,750,true],"portraits":["https:\/\/fepale.org\/site\/wp-content\/uploads\/2024\/09\/F_F00329-540x320.jpg",540,320,true],"thumbnail":["https:\/\/fepale.org\/site\/wp-content\/uploads\/2024\/09\/F_F00329-150x150.jpg",150,150,true],"medium":["https:\/\/fepale.org\/site\/wp-content\/uploads\/2024\/09\/F_F00329-300x200.jpg",300,200,true],"medium_large":["https:\/\/fepale.org\/site\/wp-content\/uploads\/2024\/09\/F_F00329-768x512.jpg",768,512,true],"large":["https:\/\/fepale.org\/site\/wp-content\/uploads\/2024\/09\/F_F00329-1024x682.jpg",770,513,true],"1536x1536":["https:\/\/fepale.org\/site\/wp-content\/uploads\/2024\/09\/F_F00329.jpg",1280,853,false],"2048x2048":["https:\/\/fepale.org\/site\/wp-content\/uploads\/2024\/09\/F_F00329.jpg",1280,853,false],"qubely_landscape":["https:\/\/fepale.org\/site\/wp-content\/uploads\/2024\/09\/F_F00329-1200x750.jpg",1200,750,true],"qubely_portrait":["https:\/\/fepale.org\/site\/wp-content\/uploads\/2024\/09\/F_F00329-540x320.jpg",540,320,true],"qubely_thumbnail":["https:\/\/fepale.org\/site\/wp-content\/uploads\/2024\/09\/F_F00329-140x100.jpg",140,100,true],"gridlove-a4":["https:\/\/fepale.org\/site\/wp-content\/uploads\/2024\/09\/F_F00329-370x150.jpg",370,150,true],"gridlove-a4-orig":["https:\/\/fepale.org\/site\/wp-content\/uploads\/2024\/09\/F_F00329-370x247.jpg",370,247,true],"gridlove-a3-orig":["https:\/\/fepale.org\/site\/wp-content\/uploads\/2024\/09\/F_F00329-270x180.jpg",270,180,true],"gridlove-b6":["https:\/\/fepale.org\/site\/wp-content\/uploads\/2024\/09\/F_F00329-285x300.jpg",285,300,true],"gridlove-b7":["https:\/\/fepale.org\/site\/wp-content\/uploads\/2024\/09\/F_F00329-335x300.jpg",335,300,true],"gridlove-b8":["https:\/\/fepale.org\/site\/wp-content\/uploads\/2024\/09\/F_F00329-385x300.jpg",385,300,true],"gridlove-b9":["https:\/\/fepale.org\/site\/wp-content\/uploads\/2024\/09\/F_F00329-435x300.jpg",435,300,true],"gridlove-b12":["https:\/\/fepale.org\/site\/wp-content\/uploads\/2024\/09\/F_F00329-585x300.jpg",585,300,true],"gridlove-d3":["https:\/\/fepale.org\/site\/wp-content\/uploads\/2024\/09\/F_F00329-270x300.jpg",270,300,true],"gridlove-d3-orig":["https:\/\/fepale.org\/site\/wp-content\/uploads\/2024\/09\/F_F00329-270x180.jpg",270,180,true],"gridlove-d4":["https:\/\/fepale.org\/site\/wp-content\/uploads\/2024\/09\/F_F00329-370x300.jpg",370,300,true],"gridlove-d4-orig":["https:\/\/fepale.org\/site\/wp-content\/uploads\/2024\/09\/F_F00329-370x247.jpg",370,247,true],"gridlove-d5":["https:\/\/fepale.org\/site\/wp-content\/uploads\/2024\/09\/F_F00329-470x300.jpg",470,300,true],"gridlove-d6":["https:\/\/fepale.org\/site\/wp-content\/uploads\/2024\/09\/F_F00329-570x300.jpg",570,300,true],"gridlove-d6-orig":["https:\/\/fepale.org\/site\/wp-content\/uploads\/2024\/09\/F_F00329-570x380.jpg",570,380,true],"gridlove-cover":["https:\/\/fepale.org\/site\/wp-content\/uploads\/2024\/09\/F_F00329-1200x400.jpg",1200,400,true],"gridlove-single":["https:\/\/fepale.org\/site\/wp-content\/uploads\/2024\/09\/F_F00329-740x493.jpg",740,493,true],"gridlove-thumbnail":["https:\/\/fepale.org\/site\/wp-content\/uploads\/2024\/09\/F_F00329-80x60.jpg",80,60,true]},"qubely_author":{"display_name":"fepale","author_link":"https:\/\/fepale.org\/site\/author\/fepale\/"},"qubely_comment":0,"qubely_category":"<a href=\"https:\/\/fepale.org\/site\/category\/eventos\/\" rel=\"category tag\">EVENTOS<\/a>","qubely_excerpt":"Se realiz\u00f3 con gran \u00e9xito el 17\u00b0 Congreso Panamericano de la Leche en Panam\u00e1 Entre los d\u00edas 28 al 30 de agosto se realiz\u00f3 la 17 edici\u00f3n del Congreso Panamericano de la Leche, el cual tuvo como sede a la Ciudad de Panam\u00e1, el mismo fue organizador por FEPALE, ANAPROLE y el Comit\u00e9 de FEPALE&hellip;","featured_image_urls_v2":{"full":["https:\/\/fepale.org\/site\/wp-content\/uploads\/2024\/09\/F_F00329.jpg",1280,853,false],"thumbnail":["https:\/\/fepale.org\/site\/wp-content\/uploads\/2024\/09\/F_F00329-150x150.jpg",150,150,true],"medium":["https:\/\/fepale.org\/site\/wp-content\/uploads\/2024\/09\/F_F00329-300x200.jpg",300,200,true],"medium_large":["https:\/\/fepale.org\/site\/wp-content\/uploads\/2024\/09\/F_F00329-768x512.jpg",768,512,true],"large":["https:\/\/fepale.org\/site\/wp-content\/uploads\/2024\/09\/F_F00329-1024x682.jpg",770,513,true],"1536x1536":["https:\/\/fepale.org\/site\/wp-content\/uploads\/2024\/09\/F_F00329.jpg",1280,853,false],"2048x2048":["https:\/\/fepale.org\/site\/wp-content\/uploads\/2024\/09\/F_F00329.jpg",1280,853,false],"qubely_landscape":["https:\/\/fepale.org\/site\/wp-content\/uploads\/2024\/09\/F_F00329-1200x750.jpg",1200,750,true],"qubely_portrait":["https:\/\/fepale.org\/site\/wp-content\/uploads\/2024\/09\/F_F00329-540x320.jpg",540,320,true],"qubely_thumbnail":["https:\/\/fepale.org\/site\/wp-content\/uploads\/2024\/09\/F_F00329-140x100.jpg",140,100,true],"gridlove-a4":["https:\/\/fepale.org\/site\/wp-content\/uploads\/2024\/09\/F_F00329-370x150.jpg",370,150,true],"gridlove-a4-orig":["https:\/\/fepale.org\/site\/wp-content\/uploads\/2024\/09\/F_F00329-370x247.jpg",370,247,true],"gridlove-a3-orig":["https:\/\/fepale.org\/site\/wp-content\/uploads\/2024\/09\/F_F00329-270x180.jpg",270,180,true],"gridlove-b6":["https:\/\/fepale.org\/site\/wp-content\/uploads\/2024\/09\/F_F00329-285x300.jpg",285,300,true],"gridlove-b7":["https:\/\/fepale.org\/site\/wp-content\/uploads\/2024\/09\/F_F00329-335x300.jpg",335,300,true],"gridlove-b8":["https:\/\/fepale.org\/site\/wp-content\/uploads\/2024\/09\/F_F00329-385x300.jpg",385,300,true],"gridlove-b9":["https:\/\/fepale.org\/site\/wp-content\/uploads\/2024\/09\/F_F00329-435x300.jpg",435,300,true],"gridlove-b12":["https:\/\/fepale.org\/site\/wp-content\/uploads\/2024\/09\/F_F00329-585x300.jpg",585,300,true],"gridlove-d3":["https:\/\/fepale.org\/site\/wp-content\/uploads\/2024\/09\/F_F00329-270x300.jpg",270,300,true],"gridlove-d3-orig":["https:\/\/fepale.org\/site\/wp-content\/uploads\/2024\/09\/F_F00329-270x180.jpg",270,180,true],"gridlove-d4":["https:\/\/fepale.org\/site\/wp-content\/uploads\/2024\/09\/F_F00329-370x300.jpg",370,300,true],"gridlove-d4-orig":["https:\/\/fepale.org\/site\/wp-content\/uploads\/2024\/09\/F_F00329-370x247.jpg",370,247,true],"gridlove-d5":["https:\/\/fepale.org\/site\/wp-content\/uploads\/2024\/09\/F_F00329-470x300.jpg",470,300,true],"gridlove-d6":["https:\/\/fepale.org\/site\/wp-content\/uploads\/2024\/09\/F_F00329-570x300.jpg",570,300,true],"gridlove-d6-orig":["https:\/\/fepale.org\/site\/wp-content\/uploads\/2024\/09\/F_F00329-570x380.jpg",570,380,true],"gridlove-cover":["https:\/\/fepale.org\/site\/wp-content\/uploads\/2024\/09\/F_F00329-1200x400.jpg",1200,400,true],"gridlove-single":["https:\/\/fepale.org\/site\/wp-content\/uploads\/2024\/09\/F_F00329-740x493.jpg",740,493,true],"gridlove-thumbnail":["https:\/\/fepale.org\/site\/wp-content\/uploads\/2024\/09\/F_F00329-80x60.jpg",80,60,true]},"post_excerpt_stackable_v2":"<p>Se realiz\u00f3 con gran \u00e9xito el 17\u00b0 Congreso Panamericano de la Leche en Panam\u00e1 Entre los d\u00edas 28 al 30 de agosto se realiz\u00f3 la 17 edici\u00f3n del Congreso Panamericano de la Leche, el cual tuvo como sede a la Ciudad de Panam\u00e1, el mismo fue organizador por FEPALE, ANAPROLE y el Comit\u00e9 de FEPALE en Panam\u00e1 integrado por Ministerio de Desarrollo Agropecuario MIDA, Industrias L\u00e1cteas S.A. (Estrella Azul), Sociedad de Alimentos de Primera BONLAC y Productos Nevada. En la ocasi\u00f3n se congregaron mas de 450 congresistas representando a delegaciones de 30 pa\u00edses, los cuales asistieron a un programa de&hellip;<\/p>\n","category_list_v2":"<a href=\"https:\/\/fepale.org\/site\/category\/eventos\/\" rel=\"category tag\">EVENTOS<\/a>","author_info_v2":{"name":"fepale","url":"https:\/\/fepale.org\/site\/author\/fepale\/"},"comments_num_v2":"0 comentarios","uagb_featured_image_src":{"full":["https:\/\/fepale.org\/site\/wp-content\/uploads\/2024\/09\/F_F00329.jpg",1280,853,false],"thumbnail":["https:\/\/fepale.org\/site\/wp-content\/uploads\/2024\/09\/F_F00329-150x150.jpg",150,150,true],"medium":["https:\/\/fepale.org\/site\/wp-content\/uploads\/2024\/09\/F_F00329-300x200.jpg",300,200,true],"medium_large":["https:\/\/fepale.org\/site\/wp-content\/uploads\/2024\/09\/F_F00329-768x512.jpg",768,512,true],"large":["https:\/\/fepale.org\/site\/wp-content\/uploads\/2024\/09\/F_F00329-1024x682.jpg",770,513,true],"1536x1536":["https:\/\/fepale.org\/site\/wp-content\/uploads\/2024\/09\/F_F00329.jpg",1280,853,false],"2048x2048":["https:\/\/fepale.org\/site\/wp-content\/uploads\/2024\/09\/F_F00329.jpg",1280,853,false],"qubely_landscape":["https:\/\/fepale.org\/site\/wp-content\/uploads\/2024\/09\/F_F00329-1200x750.jpg",1200,750,true],"qubely_portrait":["https:\/\/fepale.org\/site\/wp-content\/uploads\/2024\/09\/F_F00329-540x320.jpg",540,320,true],"qubely_thumbnail":["https:\/\/fepale.org\/site\/wp-content\/uploads\/2024\/09\/F_F00329-140x100.jpg",140,100,true],"gridlove-a4":["https:\/\/fepale.org\/site\/wp-content\/uploads\/2024\/09\/F_F00329-370x150.jpg",370,150,true],"gridlove-a4-orig":["https:\/\/fepale.org\/site\/wp-content\/uploads\/2024\/09\/F_F00329-370x247.jpg",370,247,true],"gridlove-a3-orig":["https:\/\/fepale.org\/site\/wp-content\/uploads\/2024\/09\/F_F00329-270x180.jpg",270,180,true],"gridlove-b6":["https:\/\/fepale.org\/site\/wp-content\/uploads\/2024\/09\/F_F00329-285x300.jpg",285,300,true],"gridlove-b7":["https:\/\/fepale.org\/site\/wp-content\/uploads\/2024\/09\/F_F00329-335x300.jpg",335,300,true],"gridlove-b8":["https:\/\/fepale.org\/site\/wp-content\/uploads\/2024\/09\/F_F00329-385x300.jpg",385,300,true],"gridlove-b9":["https:\/\/fepale.org\/site\/wp-content\/uploads\/2024\/09\/F_F00329-435x300.jpg",435,300,true],"gridlove-b12":["https:\/\/fepale.org\/site\/wp-content\/uploads\/2024\/09\/F_F00329-585x300.jpg",585,300,true],"gridlove-d3":["https:\/\/fepale.org\/site\/wp-content\/uploads\/2024\/09\/F_F00329-270x300.jpg",270,300,true],"gridlove-d3-orig":["https:\/\/fepale.org\/site\/wp-content\/uploads\/2024\/09\/F_F00329-270x180.jpg",270,180,true],"gridlove-d4":["https:\/\/fepale.org\/site\/wp-content\/uploads\/2024\/09\/F_F00329-370x300.jpg",370,300,true],"gridlove-d4-orig":["https:\/\/fepale.org\/site\/wp-content\/uploads\/2024\/09\/F_F00329-370x247.jpg",370,247,true],"gridlove-d5":["https:\/\/fepale.org\/site\/wp-content\/uploads\/2024\/09\/F_F00329-470x300.jpg",470,300,true],"gridlove-d6":["https:\/\/fepale.org\/site\/wp-content\/uploads\/2024\/09\/F_F00329-570x300.jpg",570,300,true],"gridlove-d6-orig":["https:\/\/fepale.org\/site\/wp-content\/uploads\/2024\/09\/F_F00329-570x380.jpg",570,380,true],"gridlove-cover":["https:\/\/fepale.org\/site\/wp-content\/uploads\/2024\/09\/F_F00329-1200x400.jpg",1200,400,true],"gridlove-single":["https:\/\/fepale.org\/site\/wp-content\/uploads\/2024\/09\/F_F00329-740x493.jpg",740,493,true],"gridlove-thumbnail":["https:\/\/fepale.org\/site\/wp-content\/uploads\/2024\/09\/F_F00329-80x60.jpg",80,60,true]},"uagb_author_info":{"display_name":"fepale","author_link":"https:\/\/fepale.org\/site\/author\/fepale\/"},"uagb_comment_info":0,"uagb_excerpt":"Se realiz\u00f3 con gran \u00e9xito el 17\u00b0 Congreso Panamericano de la Leche en Panam\u00e1 Entre los d\u00edas 28 al 30 de agosto se realiz\u00f3 la 17 edici\u00f3n del Congreso Panamericano de la Leche, el cual tuvo como sede a la Ciudad de Panam\u00e1, el mismo fue organizador por FEPALE, ANAPROLE y el Comit\u00e9 de FEPALE&hellip;","_links":{"self":[{"href":"https:\/\/fepale.org\/site\/wp-json\/wp\/v2\/posts\/7425","targetHints":{"allow":["GET"]}}],"collection":[{"href":"https:\/\/fepale.org\/site\/wp-json\/wp\/v2\/posts"}],"about":[{"href":"https:\/\/fepale.org\/site\/wp-json\/wp\/v2\/types\/post"}],"author":[{"embeddable":true,"href":"https:\/\/fepale.org\/site\/wp-json\/wp\/v2\/users\/2"}],"replies":[{"embeddable":true,"href":"https:\/\/fepale.org\/site\/wp-json\/wp\/v2\/comments?post=7425"}],"version-history":[{"count":3,"href":"https:\/\/fepale.org\/site\/wp-json\/wp\/v2\/posts\/7425\/revisions"}],"predecessor-version":[{"id":7621,"href":"https:\/\/fepale.org\/site\/wp-json\/wp\/v2\/posts\/7425\/revisions\/7621"}],"wp:featuredmedia":[{"embeddable":true,"href":"https:\/\/fepale.org\/site\/wp-json\/wp\/v2\/media\/7426"}],"wp:attachment":[{"href":"https:\/\/fepale.org\/site\/wp-json\/wp\/v2\/media?parent=7425"}],"wp:term":[{"taxonomy":"category","embeddable":true,"href":"https:\/\/fepale.org\/site\/wp-json\/wp\/v2\/categories?post=7425"},{"taxonomy":"post_tag","embeddable":true,"href":"https:\/\/fepale.org\/site\/wp-json\/wp\/v2\/tags?post=7425"}],"curies":[{"name":"wp","href":"https:\/\/api.w.org\/{rel}","templated":true}]}}