{"id":5883,"date":"2023-06-29T15:23:53","date_gmt":"2023-06-29T18:23:53","guid":{"rendered":"https:\/\/fepale.org\/site\/?p=5883"},"modified":"2023-06-29T15:23:54","modified_gmt":"2023-06-29T18:23:54","slug":"17-congreso-panamericano-de-la-leche-panama-2024","status":"publish","type":"post","link":"https:\/\/fepale.org\/site\/2023\/06\/29\/17-congreso-panamericano-de-la-leche-panama-2024\/","title":{"rendered":"17\u00b0 Congreso Panamericano de la Leche \u2013 PANAMA 2024"},"content":{"rendered":"\n<p>Se reuni\u00f3 en Panam\u00e1 el Comit\u00e9 Organizador del pr\u00f3ximo Congreso Panamericano de la Leche, el cual ser\u00e1 la 17\u00b0 edici\u00f3n y se realizar\u00e1 en agosto de 2024 en Panam\u00e1.<\/p>\n\n\n\n<p>El comit\u00e9 organizador est\u00e1 presidido por el Presidente de FEPALE Ing. Eduardo Schwerter, y lo integran tambi\u00e9n el Secretario General de la Federaci\u00f3n, Dr. Ariel Londinsky y los miembros de FEPALE en ese pa\u00eds, BONLAC, ESTRELLA AZUL, NEVADA y el Ministerio de Agricultura de Panam\u00e1 MIDA.<\/p>\n\n\n\n<p>Contar\u00e1 adem\u00e1s con la participaci\u00f3n de la Asociaci\u00f3n Nacional de Procesadores de Leche de Panam\u00e1, ANAPROLE.<\/p>\n\n\n\n<p>En la ocasi\u00f3n participaron de la reuni\u00f3n Ariel Londinsky (FEPALE), Natzare Bermudez (BONLAC), Antony Martinez (ESTRELLA AZUL), Ana Gabriela Piedra (NEVADA), Roy Frias (MIDA) y Lorena Henriquez (ANAPROLE).<\/p>\n\n\n\n<p>Adem\u00e1s estuvieron los representantes de Expo Eventos Panam\u00e1, quienes realizar\u00e1n la organizaci\u00f3n log\u00edstica del evento.<\/p>\n\n\n<div class=\"wp-block-image\">\n<figure class=\"aligncenter size-large\"><img loading=\"lazy\" decoding=\"async\" width=\"1024\" height=\"461\" src=\"https:\/\/fepale.org\/site\/wp-content\/uploads\/2023\/06\/Comite-Organizador-Panama2024-1024x461.jpg\" alt=\"\" class=\"wp-image-5884\" srcset=\"https:\/\/fepale.org\/site\/wp-content\/uploads\/2023\/06\/Comite-Organizador-Panama2024-1024x461.jpg 1024w, https:\/\/fepale.org\/site\/wp-content\/uploads\/2023\/06\/Comite-Organizador-Panama2024-300x135.jpg 300w, https:\/\/fepale.org\/site\/wp-content\/uploads\/2023\/06\/Comite-Organizador-Panama2024-768x346.jpg 768w, https:\/\/fepale.org\/site\/wp-content\/uploads\/2023\/06\/Comite-Organizador-Panama2024-370x167.jpg 370w, https:\/\/fepale.org\/site\/wp-content\/uploads\/2023\/06\/Comite-Organizador-Panama2024-270x122.jpg 270w, https:\/\/fepale.org\/site\/wp-content\/uploads\/2023\/06\/Comite-Organizador-Panama2024-570x257.jpg 570w, https:\/\/fepale.org\/site\/wp-content\/uploads\/2023\/06\/Comite-Organizador-Panama2024-740x333.jpg 740w, https:\/\/fepale.org\/site\/wp-content\/uploads\/2023\/06\/Comite-Organizador-Panama2024.jpg 1280w\" sizes=\"auto, (max-width: 1024px) 100vw, 1024px\" \/><\/figure>\n<\/div>","protected":false},"excerpt":{"rendered":"<p>Se reuni\u00f3 en Panam\u00e1 el Comit\u00e9 Organizador del pr\u00f3ximo Congreso Panamericano de la Leche, el cual ser\u00e1 la 17\u00b0 edici\u00f3n y se realizar\u00e1 en agosto de 2024 en Panam\u00e1. El comit\u00e9 organizador est\u00e1 presidido por el Presidente de FEPALE Ing. Eduardo Schwerter, y lo integran tambi\u00e9n el Secretario General de la Federaci\u00f3n, Dr. Ariel Londinsky [&hellip;]<\/p>\n","protected":false},"author":2,"featured_media":5885,"comment_status":"closed","ping_status":"closed","sticky":false,"template":"","format":"standard","meta":{"qubely_global_settings":"","qubely_interactions":"","_uag_custom_page_level_css":"","kk_blocks_editor_width":"","_kiokenblocks_attr":"","_kiokenblocks_dimensions":"","footnotes":""},"categories":[5],"tags":[],"class_list":["post-5883","post","type-post","status-publish","format-standard","has-post-thumbnail","hentry","category-noticias"],"gutentor_comment":0,"qubely_featured_image_url":{"full":["https:\/\/fepale.org\/site\/wp-content\/uploads\/2023\/06\/Comite-Organizador-Panama2024-1.jpg",1280,576,false],"landscape":["https:\/\/fepale.org\/site\/wp-content\/uploads\/2023\/06\/Comite-Organizador-Panama2024-1-1200x576.jpg",1200,576,true],"portraits":["https:\/\/fepale.org\/site\/wp-content\/uploads\/2023\/06\/Comite-Organizador-Panama2024-1-540x320.jpg",540,320,true],"thumbnail":["https:\/\/fepale.org\/site\/wp-content\/uploads\/2023\/06\/Comite-Organizador-Panama2024-1-150x150.jpg",150,150,true],"medium":["https:\/\/fepale.org\/site\/wp-content\/uploads\/2023\/06\/Comite-Organizador-Panama2024-1-300x135.jpg",300,135,true],"medium_large":["https:\/\/fepale.org\/site\/wp-content\/uploads\/2023\/06\/Comite-Organizador-Panama2024-1-768x346.jpg",768,346,true],"large":["https:\/\/fepale.org\/site\/wp-content\/uploads\/2023\/06\/Comite-Organizador-Panama2024-1-1024x461.jpg",770,347,true],"1536x1536":["https:\/\/fepale.org\/site\/wp-content\/uploads\/2023\/06\/Comite-Organizador-Panama2024-1.jpg",1280,576,false],"2048x2048":["https:\/\/fepale.org\/site\/wp-content\/uploads\/2023\/06\/Comite-Organizador-Panama2024-1.jpg",1280,576,false],"qubely_landscape":["https:\/\/fepale.org\/site\/wp-content\/uploads\/2023\/06\/Comite-Organizador-Panama2024-1-1200x576.jpg",1200,576,true],"qubely_portrait":["https:\/\/fepale.org\/site\/wp-content\/uploads\/2023\/06\/Comite-Organizador-Panama2024-1-540x320.jpg",540,320,true],"qubely_thumbnail":["https:\/\/fepale.org\/site\/wp-content\/uploads\/2023\/06\/Comite-Organizador-Panama2024-1-140x100.jpg",140,100,true],"gridlove-a4":["https:\/\/fepale.org\/site\/wp-content\/uploads\/2023\/06\/Comite-Organizador-Panama2024-1-370x150.jpg",370,150,true],"gridlove-a4-orig":["https:\/\/fepale.org\/site\/wp-content\/uploads\/2023\/06\/Comite-Organizador-Panama2024-1-370x167.jpg",370,167,true],"gridlove-a3-orig":["https:\/\/fepale.org\/site\/wp-content\/uploads\/2023\/06\/Comite-Organizador-Panama2024-1-270x122.jpg",270,122,true],"gridlove-b6":["https:\/\/fepale.org\/site\/wp-content\/uploads\/2023\/06\/Comite-Organizador-Panama2024-1-285x300.jpg",285,300,true],"gridlove-b7":["https:\/\/fepale.org\/site\/wp-content\/uploads\/2023\/06\/Comite-Organizador-Panama2024-1-335x300.jpg",335,300,true],"gridlove-b8":["https:\/\/fepale.org\/site\/wp-content\/uploads\/2023\/06\/Comite-Organizador-Panama2024-1-385x300.jpg",385,300,true],"gridlove-b9":["https:\/\/fepale.org\/site\/wp-content\/uploads\/2023\/06\/Comite-Organizador-Panama2024-1-435x300.jpg",435,300,true],"gridlove-b12":["https:\/\/fepale.org\/site\/wp-content\/uploads\/2023\/06\/Comite-Organizador-Panama2024-1-585x300.jpg",585,300,true],"gridlove-d3":["https:\/\/fepale.org\/site\/wp-content\/uploads\/2023\/06\/Comite-Organizador-Panama2024-1-270x300.jpg",270,300,true],"gridlove-d3-orig":["https:\/\/fepale.org\/site\/wp-content\/uploads\/2023\/06\/Comite-Organizador-Panama2024-1-270x122.jpg",270,122,true],"gridlove-d4":["https:\/\/fepale.org\/site\/wp-content\/uploads\/2023\/06\/Comite-Organizador-Panama2024-1-370x300.jpg",370,300,true],"gridlove-d4-orig":["https:\/\/fepale.org\/site\/wp-content\/uploads\/2023\/06\/Comite-Organizador-Panama2024-1-370x167.jpg",370,167,true],"gridlove-d5":["https:\/\/fepale.org\/site\/wp-content\/uploads\/2023\/06\/Comite-Organizador-Panama2024-1-470x300.jpg",470,300,true],"gridlove-d6":["https:\/\/fepale.org\/site\/wp-content\/uploads\/2023\/06\/Comite-Organizador-Panama2024-1-570x300.jpg",570,300,true],"gridlove-d6-orig":["https:\/\/fepale.org\/site\/wp-content\/uploads\/2023\/06\/Comite-Organizador-Panama2024-1-570x257.jpg",570,257,true],"gridlove-cover":["https:\/\/fepale.org\/site\/wp-content\/uploads\/2023\/06\/Comite-Organizador-Panama2024-1-1200x400.jpg",1200,400,true],"gridlove-single":["https:\/\/fepale.org\/site\/wp-content\/uploads\/2023\/06\/Comite-Organizador-Panama2024-1-740x333.jpg",740,333,true],"gridlove-thumbnail":["https:\/\/fepale.org\/site\/wp-content\/uploads\/2023\/06\/Comite-Organizador-Panama2024-1-80x60.jpg",80,60,true]},"qubely_author":{"display_name":"fepale","author_link":"https:\/\/fepale.org\/site\/author\/fepale\/"},"qubely_comment":0,"qubely_category":"<a href=\"https:\/\/fepale.org\/site\/category\/noticias\/\" rel=\"category tag\">NOTICIAS<\/a>","qubely_excerpt":"Se reuni\u00f3 en Panam\u00e1 el Comit\u00e9 Organizador del pr\u00f3ximo Congreso Panamericano de la Leche, el cual ser\u00e1 la 17\u00b0 edici\u00f3n y se realizar\u00e1 en agosto de 2024 en Panam\u00e1. El comit\u00e9 organizador est\u00e1 presidido por el Presidente de FEPALE Ing. Eduardo Schwerter, y lo integran tambi\u00e9n el Secretario General de la Federaci\u00f3n, Dr. Ariel Londinsky&hellip;","featured_image_urls_v2":{"full":["https:\/\/fepale.org\/site\/wp-content\/uploads\/2023\/06\/Comite-Organizador-Panama2024-1.jpg",1280,576,false],"thumbnail":["https:\/\/fepale.org\/site\/wp-content\/uploads\/2023\/06\/Comite-Organizador-Panama2024-1-150x150.jpg",150,150,true],"medium":["https:\/\/fepale.org\/site\/wp-content\/uploads\/2023\/06\/Comite-Organizador-Panama2024-1-300x135.jpg",300,135,true],"medium_large":["https:\/\/fepale.org\/site\/wp-content\/uploads\/2023\/06\/Comite-Organizador-Panama2024-1-768x346.jpg",768,346,true],"large":["https:\/\/fepale.org\/site\/wp-content\/uploads\/2023\/06\/Comite-Organizador-Panama2024-1-1024x461.jpg",770,347,true],"1536x1536":["https:\/\/fepale.org\/site\/wp-content\/uploads\/2023\/06\/Comite-Organizador-Panama2024-1.jpg",1280,576,false],"2048x2048":["https:\/\/fepale.org\/site\/wp-content\/uploads\/2023\/06\/Comite-Organizador-Panama2024-1.jpg",1280,576,false],"qubely_landscape":["https:\/\/fepale.org\/site\/wp-content\/uploads\/2023\/06\/Comite-Organizador-Panama2024-1-1200x576.jpg",1200,576,true],"qubely_portrait":["https:\/\/fepale.org\/site\/wp-content\/uploads\/2023\/06\/Comite-Organizador-Panama2024-1-540x320.jpg",540,320,true],"qubely_thumbnail":["https:\/\/fepale.org\/site\/wp-content\/uploads\/2023\/06\/Comite-Organizador-Panama2024-1-140x100.jpg",140,100,true],"gridlove-a4":["https:\/\/fepale.org\/site\/wp-content\/uploads\/2023\/06\/Comite-Organizador-Panama2024-1-370x150.jpg",370,150,true],"gridlove-a4-orig":["https:\/\/fepale.org\/site\/wp-content\/uploads\/2023\/06\/Comite-Organizador-Panama2024-1-370x167.jpg",370,167,true],"gridlove-a3-orig":["https:\/\/fepale.org\/site\/wp-content\/uploads\/2023\/06\/Comite-Organizador-Panama2024-1-270x122.jpg",270,122,true],"gridlove-b6":["https:\/\/fepale.org\/site\/wp-content\/uploads\/2023\/06\/Comite-Organizador-Panama2024-1-285x300.jpg",285,300,true],"gridlove-b7":["https:\/\/fepale.org\/site\/wp-content\/uploads\/2023\/06\/Comite-Organizador-Panama2024-1-335x300.jpg",335,300,true],"gridlove-b8":["https:\/\/fepale.org\/site\/wp-content\/uploads\/2023\/06\/Comite-Organizador-Panama2024-1-385x300.jpg",385,300,true],"gridlove-b9":["https:\/\/fepale.org\/site\/wp-content\/uploads\/2023\/06\/Comite-Organizador-Panama2024-1-435x300.jpg",435,300,true],"gridlove-b12":["https:\/\/fepale.org\/site\/wp-content\/uploads\/2023\/06\/Comite-Organizador-Panama2024-1-585x300.jpg",585,300,true],"gridlove-d3":["https:\/\/fepale.org\/site\/wp-content\/uploads\/2023\/06\/Comite-Organizador-Panama2024-1-270x300.jpg",270,300,true],"gridlove-d3-orig":["https:\/\/fepale.org\/site\/wp-content\/uploads\/2023\/06\/Comite-Organizador-Panama2024-1-270x122.jpg",270,122,true],"gridlove-d4":["https:\/\/fepale.org\/site\/wp-content\/uploads\/2023\/06\/Comite-Organizador-Panama2024-1-370x300.jpg",370,300,true],"gridlove-d4-orig":["https:\/\/fepale.org\/site\/wp-content\/uploads\/2023\/06\/Comite-Organizador-Panama2024-1-370x167.jpg",370,167,true],"gridlove-d5":["https:\/\/fepale.org\/site\/wp-content\/uploads\/2023\/06\/Comite-Organizador-Panama2024-1-470x300.jpg",470,300,true],"gridlove-d6":["https:\/\/fepale.org\/site\/wp-content\/uploads\/2023\/06\/Comite-Organizador-Panama2024-1-570x300.jpg",570,300,true],"gridlove-d6-orig":["https:\/\/fepale.org\/site\/wp-content\/uploads\/2023\/06\/Comite-Organizador-Panama2024-1-570x257.jpg",570,257,true],"gridlove-cover":["https:\/\/fepale.org\/site\/wp-content\/uploads\/2023\/06\/Comite-Organizador-Panama2024-1-1200x400.jpg",1200,400,true],"gridlove-single":["https:\/\/fepale.org\/site\/wp-content\/uploads\/2023\/06\/Comite-Organizador-Panama2024-1-740x333.jpg",740,333,true],"gridlove-thumbnail":["https:\/\/fepale.org\/site\/wp-content\/uploads\/2023\/06\/Comite-Organizador-Panama2024-1-80x60.jpg",80,60,true]},"post_excerpt_stackable_v2":"<p>Se reuni\u00f3 en Panam\u00e1 el Comit\u00e9 Organizador del pr\u00f3ximo Congreso Panamericano de la Leche, el cual ser\u00e1 la 17\u00b0 edici\u00f3n y se realizar\u00e1 en agosto de 2024 en Panam\u00e1. El comit\u00e9 organizador est\u00e1 presidido por el Presidente de FEPALE Ing. Eduardo Schwerter, y lo integran tambi\u00e9n el Secretario General de la Federaci\u00f3n, Dr. Ariel Londinsky y los miembros de FEPALE en ese pa\u00eds, BONLAC, ESTRELLA AZUL, NEVADA y el Ministerio de Agricultura de Panam\u00e1 MIDA. Contar\u00e1 adem\u00e1s con la participaci\u00f3n de la Asociaci\u00f3n Nacional de Procesadores de Leche de Panam\u00e1, ANAPROLE. En la ocasi\u00f3n participaron de la reuni\u00f3n Ariel Londinsky&hellip;<\/p>\n","category_list_v2":"<a href=\"https:\/\/fepale.org\/site\/category\/noticias\/\" rel=\"category tag\">NOTICIAS<\/a>","author_info_v2":{"name":"fepale","url":"https:\/\/fepale.org\/site\/author\/fepale\/"},"comments_num_v2":"0 comentarios","uagb_featured_image_src":{"full":["https:\/\/fepale.org\/site\/wp-content\/uploads\/2023\/06\/Comite-Organizador-Panama2024-1.jpg",1280,576,false],"thumbnail":["https:\/\/fepale.org\/site\/wp-content\/uploads\/2023\/06\/Comite-Organizador-Panama2024-1-150x150.jpg",150,150,true],"medium":["https:\/\/fepale.org\/site\/wp-content\/uploads\/2023\/06\/Comite-Organizador-Panama2024-1-300x135.jpg",300,135,true],"medium_large":["https:\/\/fepale.org\/site\/wp-content\/uploads\/2023\/06\/Comite-Organizador-Panama2024-1-768x346.jpg",768,346,true],"large":["https:\/\/fepale.org\/site\/wp-content\/uploads\/2023\/06\/Comite-Organizador-Panama2024-1-1024x461.jpg",770,347,true],"1536x1536":["https:\/\/fepale.org\/site\/wp-content\/uploads\/2023\/06\/Comite-Organizador-Panama2024-1.jpg",1280,576,false],"2048x2048":["https:\/\/fepale.org\/site\/wp-content\/uploads\/2023\/06\/Comite-Organizador-Panama2024-1.jpg",1280,576,false],"qubely_landscape":["https:\/\/fepale.org\/site\/wp-content\/uploads\/2023\/06\/Comite-Organizador-Panama2024-1-1200x576.jpg",1200,576,true],"qubely_portrait":["https:\/\/fepale.org\/site\/wp-content\/uploads\/2023\/06\/Comite-Organizador-Panama2024-1-540x320.jpg",540,320,true],"qubely_thumbnail":["https:\/\/fepale.org\/site\/wp-content\/uploads\/2023\/06\/Comite-Organizador-Panama2024-1-140x100.jpg",140,100,true],"gridlove-a4":["https:\/\/fepale.org\/site\/wp-content\/uploads\/2023\/06\/Comite-Organizador-Panama2024-1-370x150.jpg",370,150,true],"gridlove-a4-orig":["https:\/\/fepale.org\/site\/wp-content\/uploads\/2023\/06\/Comite-Organizador-Panama2024-1-370x167.jpg",370,167,true],"gridlove-a3-orig":["https:\/\/fepale.org\/site\/wp-content\/uploads\/2023\/06\/Comite-Organizador-Panama2024-1-270x122.jpg",270,122,true],"gridlove-b6":["https:\/\/fepale.org\/site\/wp-content\/uploads\/2023\/06\/Comite-Organizador-Panama2024-1-285x300.jpg",285,300,true],"gridlove-b7":["https:\/\/fepale.org\/site\/wp-content\/uploads\/2023\/06\/Comite-Organizador-Panama2024-1-335x300.jpg",335,300,true],"gridlove-b8":["https:\/\/fepale.org\/site\/wp-content\/uploads\/2023\/06\/Comite-Organizador-Panama2024-1-385x300.jpg",385,300,true],"gridlove-b9":["https:\/\/fepale.org\/site\/wp-content\/uploads\/2023\/06\/Comite-Organizador-Panama2024-1-435x300.jpg",435,300,true],"gridlove-b12":["https:\/\/fepale.org\/site\/wp-content\/uploads\/2023\/06\/Comite-Organizador-Panama2024-1-585x300.jpg",585,300,true],"gridlove-d3":["https:\/\/fepale.org\/site\/wp-content\/uploads\/2023\/06\/Comite-Organizador-Panama2024-1-270x300.jpg",270,300,true],"gridlove-d3-orig":["https:\/\/fepale.org\/site\/wp-content\/uploads\/2023\/06\/Comite-Organizador-Panama2024-1-270x122.jpg",270,122,true],"gridlove-d4":["https:\/\/fepale.org\/site\/wp-content\/uploads\/2023\/06\/Comite-Organizador-Panama2024-1-370x300.jpg",370,300,true],"gridlove-d4-orig":["https:\/\/fepale.org\/site\/wp-content\/uploads\/2023\/06\/Comite-Organizador-Panama2024-1-370x167.jpg",370,167,true],"gridlove-d5":["https:\/\/fepale.org\/site\/wp-content\/uploads\/2023\/06\/Comite-Organizador-Panama2024-1-470x300.jpg",470,300,true],"gridlove-d6":["https:\/\/fepale.org\/site\/wp-content\/uploads\/2023\/06\/Comite-Organizador-Panama2024-1-570x300.jpg",570,300,true],"gridlove-d6-orig":["https:\/\/fepale.org\/site\/wp-content\/uploads\/2023\/06\/Comite-Organizador-Panama2024-1-570x257.jpg",570,257,true],"gridlove-cover":["https:\/\/fepale.org\/site\/wp-content\/uploads\/2023\/06\/Comite-Organizador-Panama2024-1-1200x400.jpg",1200,400,true],"gridlove-single":["https:\/\/fepale.org\/site\/wp-content\/uploads\/2023\/06\/Comite-Organizador-Panama2024-1-740x333.jpg",740,333,true],"gridlove-thumbnail":["https:\/\/fepale.org\/site\/wp-content\/uploads\/2023\/06\/Comite-Organizador-Panama2024-1-80x60.jpg",80,60,true]},"uagb_author_info":{"display_name":"fepale","author_link":"https:\/\/fepale.org\/site\/author\/fepale\/"},"uagb_comment_info":0,"uagb_excerpt":"Se reuni\u00f3 en Panam\u00e1 el Comit\u00e9 Organizador del pr\u00f3ximo Congreso Panamericano de la Leche, el cual ser\u00e1 la 17\u00b0 edici\u00f3n y se realizar\u00e1 en agosto de 2024 en Panam\u00e1. El comit\u00e9 organizador est\u00e1 presidido por el Presidente de FEPALE Ing. Eduardo Schwerter, y lo integran tambi\u00e9n el Secretario General de la Federaci\u00f3n, Dr. Ariel Londinsky&hellip;","_links":{"self":[{"href":"https:\/\/fepale.org\/site\/wp-json\/wp\/v2\/posts\/5883","targetHints":{"allow":["GET"]}}],"collection":[{"href":"https:\/\/fepale.org\/site\/wp-json\/wp\/v2\/posts"}],"about":[{"href":"https:\/\/fepale.org\/site\/wp-json\/wp\/v2\/types\/post"}],"author":[{"embeddable":true,"href":"https:\/\/fepale.org\/site\/wp-json\/wp\/v2\/users\/2"}],"replies":[{"embeddable":true,"href":"https:\/\/fepale.org\/site\/wp-json\/wp\/v2\/comments?post=5883"}],"version-history":[{"count":2,"href":"https:\/\/fepale.org\/site\/wp-json\/wp\/v2\/posts\/5883\/revisions"}],"predecessor-version":[{"id":5887,"href":"https:\/\/fepale.org\/site\/wp-json\/wp\/v2\/posts\/5883\/revisions\/5887"}],"wp:featuredmedia":[{"embeddable":true,"href":"https:\/\/fepale.org\/site\/wp-json\/wp\/v2\/media\/5885"}],"wp:attachment":[{"href":"https:\/\/fepale.org\/site\/wp-json\/wp\/v2\/media?parent=5883"}],"wp:term":[{"taxonomy":"category","embeddable":true,"href":"https:\/\/fepale.org\/site\/wp-json\/wp\/v2\/categories?post=5883"},{"taxonomy":"post_tag","embeddable":true,"href":"https:\/\/fepale.org\/site\/wp-json\/wp\/v2\/tags?post=5883"}],"curies":[{"name":"wp","href":"https:\/\/api.w.org\/{rel}","templated":true}]}}